{"id":604,"date":"2020-11-10T22:49:30","date_gmt":"2020-11-10T21:49:30","guid":{"rendered":"https:\/\/zs.bohuslavice.cz\/sdomain\/zs\/?p=604"},"modified":"2020-12-17T22:01:11","modified_gmt":"2020-12-17T21:01:11","slug":"provoz-skoly-a-skolni-druziny-od-18-11-2020","status":"publish","type":"post","link":"https:\/\/zs.bohuslavice.cz\/sdomain\/zs\/provoz-skoly-a-skolni-druziny-od-18-11-2020\/","title":{"rendered":"PROVOZ \u0160KOLY A \u0160KOLN\u00cd DRU\u017dINY OD 18.11.2020"},"content":{"rendered":"\n<p>INFORMACE K PROVOZU \u0160KOLY A \u0160KOLN\u00cd DRU\u017dINY OD 18.11.2020:<\/p>\n\n\n\n<p>Na provoz \u0161kol a \u0161kolsk\u00fdch za\u0159\u00edzen\u00ed se i nad\u00e1le vztahuje manu\u00e1l&nbsp;Provoz \u0161kol a \u0161kolsk\u00fdch za\u0159\u00edzen\u00ed ve \u0161koln\u00edm roce&nbsp;2020\/2021 vzhledem ke covid-19&nbsp;(&nbsp;https:\/\/bit.ly\/3lr1PEU, d\u00e1le jen \u201eManu\u00e1l\u201c),&nbsp;Metodika pro vzd\u011bl\u00e1v\u00e1n\u00ed distan\u010dn\u00edm zp\u016fsobem&nbsp;(https:\/\/bit.ly\/3eUn2V5) a&nbsp;Metodika Ministerstva zdravotnictv\u00ed pro na\u0159izov\u00e1n\u00ed karant\u00e9ny ve \u0161kol\u00e1ch&nbsp;(https:\/bit.ly\/36ili3W).&nbsp;a<\/p>\n\n\n\n<p>V p\u0159\u00edpad\u011b&nbsp;konkr\u00e9tn\u00edch mimo\u0159\u00e1dn\u00fdch situac\u00ed&nbsp;spojen\u00fdch s onemocn\u011bn\u00edm covid-19 je&nbsp;\u0161kola&nbsp;\u010di&nbsp;\u0161kolsk\u00e9&nbsp;za\u0159\u00edzen\u00ed&nbsp;v\u017edy povinna postupovat podle pokyn\u016f&nbsp;krajsk\u00e9&nbsp;hygienick\u00e9&nbsp;stanice (KHS) a dodr\u017eovat v\u0161echna aktu\u00e1ln\u011b&nbsp;platn\u00e1&nbsp;mimo\u0159\u00e1dn\u00e1&nbsp;opat\u0159en\u00ed&nbsp;vyhl\u00e1\u0161en\u00e1&nbsp;pro dan\u00e9 \u00fazem\u00ed&nbsp;p\u0159\u00edslu\u0161nou KHS nebo plo\u0161n\u011b&nbsp;Ministerstvem zdravotnictv\u00ed&nbsp;(\u010di vl\u00e1dou ve form\u011b&nbsp;krizov\u00fdch opat\u0159en\u00ed).<\/p>\n\n\n\n<p>V p\u0159\u00edpad\u011b,&nbsp;\u017ee se&nbsp;\u0159editel&nbsp;\u0161koly dozv\u00ed&nbsp;o v\u00fdskytu onemocn\u011bn\u00ed&nbsp;covid-19 u zam\u011bstnance&nbsp;\u0161koly nebo&nbsp;\u017e\u00e1ka, kontaktuje zam\u011bstnance protiepidemick\u00e9ho odboru nebo odboru hygieny d\u011bt\u00ed&nbsp;a mladistv\u00fdch m\u00edstn\u011b&nbsp;p\u0159\u00edslu\u0161n\u00e9&nbsp;KHS.<\/p>\n\n\n\n<p>1.)&nbsp;Provoz mate\u0159sk\u00e9 \u0161koly \u2013 beze zm\u011bn&nbsp;2.)&nbsp;Provoz z\u00e1kladn\u00ed \u0161koly<\/p>\n\n\n\n<ul class=\"wp-block-list\"><li>\uf0b7 &nbsp;Je povolena osobn\u00ed p\u0159\u00edtomnost \u017e\u00e1k\u016f 1. a 2. ro\u010dn\u00edk\u016f a \u017e\u00e1k\u016f vy\u0161\u0161\u00edch ro\u010dn\u00edk\u016f prvn\u00edho stupn\u011b z\u00e1kladn\u00edch \u0161kol za&nbsp;p\u0159edpokladu, \u017ee jsou ve \u0161koln\u00edm roce 2020\/2021 za\u0159azeni do t\u0159\u00eddy spole\u010dn\u011b se \u017e\u00e1ky 1. nebo 2. ro\u010dn\u00edkuDo \u0161koly se tedy od 18.11.2020 vrac\u00ed \u017e\u00e1ci I. t\u0159\u00eddy \u2013 tedy 1., 2. a 3. ro\u010dn\u00edku&nbsp;(t\u0159\u00eddn\u00ed u\u010ditel Mgr. Martina Ors\u00e1gov\u00e1)<\/li><li>\uf0b7 &nbsp;\u017d\u00e1ci a zam\u011bstnanci \u0161koly&nbsp;(i dal\u0161\u00ed osoby pohybuj\u00edc\u00ed&nbsp;se ve&nbsp;\u0161kole)&nbsp;maj\u00ed povinnost nosit rou\u0161ky po celou dobu pobytu&nbsp;ve\u0161kole!!! &#8211;&nbsp;D\u011bti tedy budou pot\u0159ebovat v\u00edce rou\u0161ek (informace t\u0159\u00eddn\u00ed u\u010ditelky)<\/li><li>\uf0b7 &nbsp;Je zak\u00e1z\u00e1n zp\u011bv a sportovn\u00ed \u010dinnosti p\u0159i vzd\u011bl\u00e1v\u00e1n\u00ed, doporu\u010den denn\u00ed pobyt d\u011bt\u00ed na \u010derstv\u00e9m vzduchu (vhodn\u00fd od\u011bv)<\/li><\/ul>\n\n\n\n<p>3.)&nbsp;Provoz \u0161koln\u00ed dru\u017einy<\/p>\n\n\n\n<ul class=\"wp-block-list\"><li>Je umo\u017en\u011bn\u00a0za dodr\u017een\u00ed podm\u00ednky homogenity skupiny \u017e\u00e1k\u016f jedn\u00e9 t\u0159\u00eddy<\/li><li>\u00a0\u0160koln\u00ed dru\u017eina tedy bude\u00a0pro \u017e\u00e1ky 1., 2. 3. ro\u010dn\u00edku\u00a0v\u00a0b\u011b\u017en\u00e9m\u00a0provozu<\/li><li> V\u00a0p\u0159\u00edpad\u011b pot\u0159eby jsou umo\u017en\u011bny (v\u017edy pouze jeden \u017e\u00e1k a jeden\u00a0pedagogick\u00fd pracovn\u00edk), u kter\u00fdch m\u016f\u017ee b\u00fdt p\u0159\u00edtomen z\u00e1konn\u00fd z\u00e1stupce<\/li><li>O\u00a0organizaci konzultac\u00ed rozhoduje \u0159editel \u0161koly s ohledem na vzd\u011bl\u00e1vac\u00ed pot\u0159eby \u017e\u00e1ka<\/li><li>V\u00a0p\u0159\u00edpad\u011b pot\u0159eby osobn\u00ed konzultace mne pros\u00edm kontaktujte a domluv\u00edme se na mo\u017en\u00e9m term\u00ednu.Aktu\u00e1ln\u00ed informace \u0159editelky \u0161koly sledujte pros\u00edm nad\u00e1le na webov\u00fdch str\u00e1nk\u00e1ch \u0161koly, p\u0159\u00edpadn\u011b na okn\u011b \u0161koln\u00ed dru\u017einy.<\/li><\/ul>\n","protected":false},"excerpt":{"rendered":"<p>INFORMACE K PROVOZU \u0160KOLY A \u0160KOLN\u00cd DRU\u017dINY OD 18.11.2020: Na provoz \u0161kol a \u0161kolsk\u00fdch za\u0159\u00edzen\u00ed se i nad\u00e1le vztahuje manu\u00e1l&nbsp;Provoz \u0161kol a \u0161kolsk\u00fdch za\u0159\u00edzen\u00ed ve \u0161koln\u00edm roce&nbsp;2020\/2021 vzhledem ke covid-19&nbsp;(&nbsp;https:\/\/bit.ly\/3lr1PEU, d\u00e1le jen \u201eManu\u00e1l\u201c),&nbsp;Metodika pro vzd\u011bl\u00e1v\u00e1n\u00ed distan\u010dn\u00edm zp\u016fsobem&nbsp;(https:\/\/bit.ly\/3eUn2V5) a&nbsp;Metodika Ministerstva zdravotnictv\u00ed pro na\u0159izov\u00e1n\u00ed karant\u00e9ny ve \u0161kol\u00e1ch&nbsp;(https:\/bit.ly\/36ili3W).&nbsp;a V p\u0159\u00edpad\u011b&nbsp;konkr\u00e9tn\u00edch mimo\u0159\u00e1dn\u00fdch situac\u00ed&nbsp;spojen\u00fdch s onemocn\u011bn\u00edm covid-19 je&nbsp;\u0161kola&nbsp;\u010di&nbsp;\u0161kolsk\u00e9&nbsp;za\u0159\u00edzen\u00ed&nbsp;v\u017edy povinna postupovat [&hellip;]<\/p>\n","protected":false},"author":1,"featured_media":244,"comment_status":"open","ping_status":"open","sticky":false,"template":"","format":"standard","meta":{"footnotes":""},"categories":[31],"tags":[],"class_list":["post-604","post","type-post","status-publish","format-standard","has-post-thumbnail","hentry","category-reditelstvi"],"_links":{"self":[{"href":"https:\/\/zs.bohuslavice.cz\/sdomain\/zs\/wp-json\/wp\/v2\/posts\/604","targetHints":{"allow":["GET"]}}],"collection":[{"href":"https:\/\/zs.bohuslavice.cz\/sdomain\/zs\/wp-json\/wp\/v2\/posts"}],"about":[{"href":"https:\/\/zs.bohuslavice.cz\/sdomain\/zs\/wp-json\/wp\/v2\/types\/post"}],"author":[{"embeddable":true,"href":"https:\/\/zs.bohuslavice.cz\/sdomain\/zs\/wp-json\/wp\/v2\/users\/1"}],"replies":[{"embeddable":true,"href":"https:\/\/zs.bohuslavice.cz\/sdomain\/zs\/wp-json\/wp\/v2\/comments?post=604"}],"version-history":[{"count":1,"href":"https:\/\/zs.bohuslavice.cz\/sdomain\/zs\/wp-json\/wp\/v2\/posts\/604\/revisions"}],"predecessor-version":[{"id":605,"href":"https:\/\/zs.bohuslavice.cz\/sdomain\/zs\/wp-json\/wp\/v2\/posts\/604\/revisions\/605"}],"wp:featuredmedia":[{"embeddable":true,"href":"https:\/\/zs.bohuslavice.cz\/sdomain\/zs\/wp-json\/wp\/v2\/media\/244"}],"wp:attachment":[{"href":"https:\/\/zs.bohuslavice.cz\/sdomain\/zs\/wp-json\/wp\/v2\/media?parent=604"}],"wp:term":[{"taxonomy":"category","embeddable":true,"href":"https:\/\/zs.bohuslavice.cz\/sdomain\/zs\/wp-json\/wp\/v2\/categories?post=604"},{"taxonomy":"post_tag","embeddable":true,"href":"https:\/\/zs.bohuslavice.cz\/sdomain\/zs\/wp-json\/wp\/v2\/tags?post=604"}],"curies":[{"name":"wp","href":"https:\/\/api.w.org\/{rel}","templated":true}]}}