{"id":716,"date":"2020-12-17T22:34:29","date_gmt":"2020-12-17T21:34:29","guid":{"rendered":"https:\/\/zs.bohuslavice.cz\/sdomain\/zs\/?p=716"},"modified":"2020-12-17T22:34:29","modified_gmt":"2020-12-17T21:34:29","slug":"informace-k-provozu-skol-a-skolskych-zarizeni-v-dobe-vanocnich-prazdnin-2020-2021","status":"publish","type":"post","link":"https:\/\/zs.bohuslavice.cz\/sdomain\/zs\/informace-k-provozu-skol-a-skolskych-zarizeni-v-dobe-vanocnich-prazdnin-2020-2021\/","title":{"rendered":"INFORMACE K PROVOZU \u0160KOL A \u0160KOLSK\u00ddCH ZA\u0158\u00cdZEN\u00cd v dob\u011b v\u00e1no\u010dn\u00edch pr\u00e1zdnin 2020\/2021"},"content":{"rendered":"\n<p>Vl\u00e1da&nbsp;\u010cesk\u00e9&nbsp;republiky dne 14. prosince 2020 usnesen\u00edm&nbsp;\u010d.&nbsp;1335&nbsp;o p\u0159ijet\u00ed&nbsp;krizov\u00e9ho opat\u0159en\u00ed&nbsp;zak\u00e1zala&nbsp;od 21. prosince 2020 do 23. prosince 2020 osobn\u00ed&nbsp;p\u0159\u00edtomnost&nbsp;\u017e\u00e1k\u016f, student\u016f&nbsp;a&nbsp;\u00fa\u010dastn\u00edk\u016f:<br>\uf097\uf020z\u00e1kladn\u00edch \u0161kol,<\/p>\n\n\n\n<ul class=\"wp-block-list\"><li> \u00a0st\u0159edn\u00edch \u0161kol a konzervato\u0159\u00ed,<\/li><li> \u00a0vy\u0161\u0161\u00edch odborn\u00fdch \u0161kol,<\/li><li> \u00a0z\u00e1kladn\u00edch um\u011bleck\u00fdch \u0161kol,<br>jazykov\u00fdch\u00a0\u0161kol s pr\u00e1vem st\u00e1tn\u00ed\u00a0jazykov\u00e9\u00a0zkou\u0161ky,\uf097\uf020ve vzd\u011bl\u00e1vac\u00edch instituc\u00ed\u00a0poskytuj\u00edc\u00edch jednolet\u00e9\u00a0kurzy ciz\u00edch jazyk\u016f\u00a0s denn\u00ed\u00a0v\u00fdukou podle z\u00e1kona o st\u00e1tn\u00ed\u00a0soci\u00e1ln\u00ed\u00a0podpo\u0159e,\uf097\uf020\u0161koln\u00edch dru\u017ein,\u00a0\u0161koln\u00edho klubu a st\u0159ediska voln\u00e9ho\u00a0\u010dasu.Ministerstvo\u00a0\u0161kolstv\u00ed, ml\u00e1de\u017ee a t\u011blov\u00fdchovy z\u00e1rove\u0148\u00a0pro z\u00e1kladn\u00ed \u0161koly, st\u0159edn\u00ed \u0161koly, konzervato\u0159e a z\u00e1kladn\u00ed\u00a0um\u011bleck\u00e9 \u0161koly stanovilo 21. a 22. prosinec 2020 jako\u00a0voln\u00e9 dny\u00a0podle\u00a0\u00a7\u00a024 odst. 3 z\u00e1kona\u00a0\u010d. 561\/2004 Sb., o p\u0159ed\u0161koln\u00edm, z\u00e1kladn\u00edm, st\u0159edn\u00edm, vy\u0161\u0161\u00edm odborn\u00e9m a jin\u00e9m vzd\u011bl\u00e1v\u00e1n\u00ed\u00a0(\u0161kolsk\u00fd\u00a0z\u00e1kon). To znamen\u00e1,\u00a0\u017ee pro tyto druhy\u00a0\u0161kol nen\u00ed\u00a0v tyto dny povinn\u00e9\u00a0vzd\u011bl\u00e1v\u00e1n\u00ed\u00a0distan\u010dn\u00edm zp\u016fsobem podle ustanoven\u00ed \u00a7\u00a0184a\u00a0\u0161kolsk\u00e9ho z\u00e1kona.Mate\u0159sk\u00e1 \u0161kola:<\/li><li> \u00a021.12. a 22.12. b\u011b\u017en\u00fd provoz<\/li><li> \u00a0od\u00a023.12.2020 do 03.01.2021\u00a0v\u00e1no\u010dn\u00ed pr\u00e1zdniny<\/li><li> \u00a0provoz bude obnoven v\u00a0pond\u011bl\u00ed\u00a004.01.2021<\/li><\/ul>\n\n\n\n<p>Mgr. Helena Krumpov\u00e1<\/p>\n","protected":false},"excerpt":{"rendered":"<p>Vl\u00e1da&nbsp;\u010cesk\u00e9&nbsp;republiky dne 14. prosince 2020 usnesen\u00edm&nbsp;\u010d.&nbsp;1335&nbsp;o p\u0159ijet\u00ed&nbsp;krizov\u00e9ho opat\u0159en\u00ed&nbsp;zak\u00e1zala&nbsp;od 21. prosince 2020 do 23. prosince 2020 osobn\u00ed&nbsp;p\u0159\u00edtomnost&nbsp;\u017e\u00e1k\u016f, student\u016f&nbsp;a&nbsp;\u00fa\u010dastn\u00edk\u016f:\uf097\uf020z\u00e1kladn\u00edch \u0161kol, \u00a0st\u0159edn\u00edch \u0161kol a konzervato\u0159\u00ed, \u00a0vy\u0161\u0161\u00edch odborn\u00fdch \u0161kol, \u00a0z\u00e1kladn\u00edch um\u011bleck\u00fdch \u0161kol,jazykov\u00fdch\u00a0\u0161kol s pr\u00e1vem st\u00e1tn\u00ed\u00a0jazykov\u00e9\u00a0zkou\u0161ky,\uf097\uf020ve vzd\u011bl\u00e1vac\u00edch instituc\u00ed\u00a0poskytuj\u00edc\u00edch jednolet\u00e9\u00a0kurzy ciz\u00edch jazyk\u016f\u00a0s denn\u00ed\u00a0v\u00fdukou podle z\u00e1kona o st\u00e1tn\u00ed\u00a0soci\u00e1ln\u00ed\u00a0podpo\u0159e,\uf097\uf020\u0161koln\u00edch dru\u017ein,\u00a0\u0161koln\u00edho klubu a st\u0159ediska voln\u00e9ho\u00a0\u010dasu.Ministerstvo\u00a0\u0161kolstv\u00ed, ml\u00e1de\u017ee a t\u011blov\u00fdchovy z\u00e1rove\u0148\u00a0pro z\u00e1kladn\u00ed \u0161koly, st\u0159edn\u00ed \u0161koly, konzervato\u0159e [&hellip;]<\/p>\n","protected":false},"author":1,"featured_media":115,"comment_status":"open","ping_status":"open","sticky":false,"template":"","format":"standard","meta":{"footnotes":""},"categories":[31],"tags":[],"class_list":["post-716","post","type-post","status-publish","format-standard","has-post-thumbnail","hentry","category-reditelstvi"],"_links":{"self":[{"href":"https:\/\/zs.bohuslavice.cz\/sdomain\/zs\/wp-json\/wp\/v2\/posts\/716","targetHints":{"allow":["GET"]}}],"collection":[{"href":"https:\/\/zs.bohuslavice.cz\/sdomain\/zs\/wp-json\/wp\/v2\/posts"}],"about":[{"href":"https:\/\/zs.bohuslavice.cz\/sdomain\/zs\/wp-json\/wp\/v2\/types\/post"}],"author":[{"embeddable":true,"href":"https:\/\/zs.bohuslavice.cz\/sdomain\/zs\/wp-json\/wp\/v2\/users\/1"}],"replies":[{"embeddable":true,"href":"https:\/\/zs.bohuslavice.cz\/sdomain\/zs\/wp-json\/wp\/v2\/comments?post=716"}],"version-history":[{"count":1,"href":"https:\/\/zs.bohuslavice.cz\/sdomain\/zs\/wp-json\/wp\/v2\/posts\/716\/revisions"}],"predecessor-version":[{"id":717,"href":"https:\/\/zs.bohuslavice.cz\/sdomain\/zs\/wp-json\/wp\/v2\/posts\/716\/revisions\/717"}],"wp:featuredmedia":[{"embeddable":true,"href":"https:\/\/zs.bohuslavice.cz\/sdomain\/zs\/wp-json\/wp\/v2\/media\/115"}],"wp:attachment":[{"href":"https:\/\/zs.bohuslavice.cz\/sdomain\/zs\/wp-json\/wp\/v2\/media?parent=716"}],"wp:term":[{"taxonomy":"category","embeddable":true,"href":"https:\/\/zs.bohuslavice.cz\/sdomain\/zs\/wp-json\/wp\/v2\/categories?post=716"},{"taxonomy":"post_tag","embeddable":true,"href":"https:\/\/zs.bohuslavice.cz\/sdomain\/zs\/wp-json\/wp\/v2\/tags?post=716"}],"curies":[{"name":"wp","href":"https:\/\/api.w.org\/{rel}","templated":true}]}}